{"id":139,"date":"2008-08-25T17:30:03","date_gmt":"2008-08-25T22:30:03","guid":{"rendered":"http:\/\/frecuenciaprimera.org\/extremospodcast\/?p=139"},"modified":"2016-10-29T18:55:17","modified_gmt":"2016-10-29T23:55:17","slug":"extremos-episodio-25-25-ago-2008","status":"publish","type":"post","link":"https:\/\/www.frecuenciaprimera.org\/extremospodcast\/2008\/08\/extremos-episodio-25-25-ago-2008\/","title":{"rendered":"EXTREMOS Episodio 25 \/ 25 Ago 2008"},"content":{"rendered":"<p>Temas:<br \/>\n<img loading=\"lazy\" decoding=\"async\" style=\"WIDTH: 125px; HEIGHT: 164px\" height=\"138\" alt=\"\" hspace=\"2\" src=\"http:\/\/frecuenciaprimera.org\/extremos\/25extremos.jpg\" width=\"195\" align=\"right\" vspace=\"2\" border=\"2\" \/><strong>1.- 25 VECES EXTREMOS:<\/strong> Empezamos el programa recordando los 25 episodios de \u201cEXTREMOS\u201d con peque\u00f1os pasajes desde el primer episodio de \u201cEXTREMOS\u201d. Ana Rosa acepta que al comienzo no le gustaba mucho el programa pero que ahora si.<br \/>\nSandro comenta que el programa ha ido mejorando poco a poco y tambi\u00e9n creciendo en tiempo y calidad.<\/p>\n<p><img loading=\"lazy\" decoding=\"async\" height=\"138\" alt=\"\" hspace=\"2\" src=\"http:\/\/frecuenciaprimera.org\/extremos\/estrellas.jpg\" width=\"195\" align=\"left\" vspace=\"2\" border=\"2\" \/><strong> 2.- EN LAS ESTRELLAS:<\/strong> Sandro presenta al duo \u201cLOS MEL\u00d3MANOS\u201d quienes interpretan la canci\u00f3n \u201cEN LAS ESTRELLAS\u201d con una melod\u00eda m\u00e1gica de amanecer y una letra que dice \u201cUn lugar donde siempre brille la luz en las estrellas\u201d. Sandro dice recordar esa melod\u00eda de alg\u00fan remoto sue\u00f1o perdido en la memoria. Ana Rosa en cambio dice no parecerle suficientemente rom\u00e1ntica y que no le recuerda nada. La canci\u00f3n fue interpretada originalmente por el grupo \u201cLos Pekeniques\u201d de 1968. Sandro comenta que uno de los miembros del \u201cEnglish Club\u201d le di\u00f3 este tema quien est\u00e1 interesado en relanzar su programa de \u00e9xitos de los 60 y 70\u2019s que tuvo en Radio Miraflores. \u00bfNunca has escuchado una canci\u00f3n que antes hayas so\u00f1ado?<\/p>\n<p><img loading=\"lazy\" decoding=\"async\" height=\"138\" alt=\"\" hspace=\"2\" src=\"http:\/\/frecuenciaprimera.org\/extremos\/apagon.jpg\" width=\"195\" align=\"right\" vspace=\"2\" border=\"2\" \/><strong>3.- APAGONES OTRA VEZ:<\/strong> Sandro y Ana Rosa recuerdan la \u00e9poca de los apagones el\u00e9ctricos cotidianos producto de los absurdos ataques terroristas. Ana Rosa comenta que los apagones ten\u00edan a\u00fan con todo un factor positivo pues un\u00edan a la familia. Sin embargo hoy por hoy nos hemos acostumbrado al uso de la energ\u00eda el\u00e9ctrica con el Internet, tel\u00e9fonos inal\u00e1mbricos, etc. Sandro recuerda an\u00e9cdotas de \u201cAMANECEMOS CONTIGO\u201d Primera Temporada cuando quisieron asalta Radio Inca durante el episodio 2 y luego un atentado terrorista a pocos instantes de haber dejado la emisora cuando un grupo de terroristas asesin\u00f3 de un disparo al custodio del local. Ana Rosa recuerda en detalle cuando Sendero Luminoso atac\u00f3 la Plaza Manco C\u00e1pac y su saldo mortal y caos.<\/p>\n<p><img loading=\"lazy\" decoding=\"async\" height=\"138\" alt=\"\" hspace=\"2\" src=\"http:\/\/frecuenciaprimera.org\/extremos\/calleberlin.jpg\" width=\"195\" align=\"right\" vspace=\"2\" border=\"2\" \/><strong>4.- BERLIN ABANDONADA:<\/strong> 75% de p\u00e9rdida en los negocios de la calle Berl\u00edn en Miraflores. Solo unas cuantas cuadras y no acaban la obra que va ya \u00a15 meses! Los comerciantes denuncian el hedor de las aguas servidas que no les permite siquiera pensar en hacer su negocio de restaurante.<br \/>\nSandro opina que NO COMPRENDE que tan importante es lo que se pretende hacer en ese lugar que se tiene cerrada la calle ya casi medio a\u00f1o. Lo m\u00e1s extra\u00f1o es que la Municipalidad de Miraflores NO responde a los vecinos.<br \/>\nAna Rosa pregunta s\u00ed alguna vez alg\u00fan vecino ha recibido RESPUESTA a su carte de reclamo en cualquier municipalidad. Al parecer es ya una costumbre NO responder formalmente las quejas de los vecinos. \u00bfD\u00f3nde est\u00e1 la Defensor\u00eda del Pueblo?<\/p>\n<p><img loading=\"lazy\" decoding=\"async\" height=\"138\" alt=\"\" hspace=\"2\" src=\"http:\/\/frecuenciaprimera.org\/extremos\/taxis.jpg\" width=\"195\" align=\"left\" vspace=\"2\" border=\"2\" \/><br \/>\n<strong>5.- TAXI TAXI:<\/strong> Analizamos el comportamiento de los taxistas de Lima y por qu\u00e9 muchos de ellos tratan MAL a los usuarios tendiendo a estafar al cliente. Sin embargo Ana Rosa explica tambi\u00e9n que existen taxistas que aman ese oficio y hacen su mejor esfuerzo para atender al usuario de la mejor forma.<br \/>\nSandro comenta como tambi\u00e9n existen taxiastas mujeres. Cuenta que una vez le toc\u00f3 una taxista muy joven y bella de tipo ejecutiva en horas de la madrugada.<\/p>\n<p>Haga clic aqu\u00ed para escucharlo:<br \/>\n<a href=\"https:\/\/cast6.my-control-panel.com\/ondemand\/solfrecu\/extremosepisodio25.mp3\">https:\/\/cast6.my-control-panel.com\/ondemand\/solfrecu\/extremosepisodio25.mp3<\/a><\/p>\n<table width=\"569\">\n<tbody>\n<tr>\n<td width=\"46\"><img decoding=\"async\" src=\"http:\/\/www.frecuenciaprimera.org\/extremospodcast\/ex-smp.jpg\" alt=\"\" height=\"50\" \/><\/td>\n<td>Bach. SANDRO PARODI CERNA \/ Productor &#8211; Director<\/td>\n<\/tr>\n<tr>\n<td width=\"46\"><img decoding=\"async\" src=\"http:\/\/www.frecuenciaprimera.org\/extremospodcast\/ex-arl.jpg\" alt=\"\" height=\"50\" \/><\/td>\n<td>Lic. Ana Rosa Liendo Mej\u00eda \/ Co &#8211; Conductora<\/td>\n<\/tr>\n<\/tbody>\n<\/table>\n<p>Una realizaci\u00f3n de SOL &#8211; Frecuencia Primera RTVN, Lima Per\u00fa 2008<\/p>\n<p><a href=\"http:\/\/www.blogsperu.com\/\"><br \/>\n<img decoding=\"async\" alt=\"BlogsPeru.com\" src=\"http:\/\/photos1.blogger.com\/blogger\/1813\/512\/1600\/boton_blogsperu10.gif\" border=\"0\" \/><\/a><\/p>\n","protected":false},"excerpt":{"rendered":"<p>Temas: 1.- 25 VECES EXTREMOS: Empezamos el programa recordando los 25 episodios de \u201cEXTREMOS\u201d con peque\u00f1os pasajes desde el primer episodio de \u201cEXTREMOS\u201d. Ana Rosa acepta que al comienzo no le gustaba mucho el programa pero que ahora si. Sandro comenta que el programa ha ido mejorando poco a poco y tambi\u00e9n creciendo en tiempo [&hellip;]<\/p>\n","protected":false},"author":1,"featured_media":0,"comment_status":"open","ping_status":"open","sticky":false,"template":"","format":"standard","meta":{"_regular_price":[],"currency_symbol":[],"footnotes":""},"categories":[1],"tags":[156,157,158,159,148,160,161,3,162,163],"class_list":["post-139","post","type-post","status-publish","format-standard","hentry","category-uncategorized","tag-apagones","tag-calle-berlin","tag-en-las-estrellas","tag-los-melomanos","tag-miraflores","tag-municipalidades","tag-obras","tag-peru","tag-suenos","tag-terrorismo"],"post_slider_layout_featured_media_urls":{"thumbnail":"","post_slider_layout_landscape_large":"","post_slider_layout_portrait_large":"","post_slider_layout_square_large":"","post_slider_layout_landscape":"","post_slider_layout_portrait":"","post_slider_layout_square":"","full":""},"_links":{"self":[{"href":"https:\/\/www.frecuenciaprimera.org\/extremospodcast\/wp-json\/wp\/v2\/posts\/139","targetHints":{"allow":["GET"]}}],"collection":[{"href":"https:\/\/www.frecuenciaprimera.org\/extremospodcast\/wp-json\/wp\/v2\/posts"}],"about":[{"href":"https:\/\/www.frecuenciaprimera.org\/extremospodcast\/wp-json\/wp\/v2\/types\/post"}],"author":[{"embeddable":true,"href":"https:\/\/www.frecuenciaprimera.org\/extremospodcast\/wp-json\/wp\/v2\/users\/1"}],"replies":[{"embeddable":true,"href":"https:\/\/www.frecuenciaprimera.org\/extremospodcast\/wp-json\/wp\/v2\/comments?post=139"}],"version-history":[{"count":3,"href":"https:\/\/www.frecuenciaprimera.org\/extremospodcast\/wp-json\/wp\/v2\/posts\/139\/revisions"}],"predecessor-version":[{"id":2930,"href":"https:\/\/www.frecuenciaprimera.org\/extremospodcast\/wp-json\/wp\/v2\/posts\/139\/revisions\/2930"}],"wp:attachment":[{"href":"https:\/\/www.frecuenciaprimera.org\/extremospodcast\/wp-json\/wp\/v2\/media?parent=139"}],"wp:term":[{"taxonomy":"category","embeddable":true,"href":"https:\/\/www.frecuenciaprimera.org\/extremospodcast\/wp-json\/wp\/v2\/categories?post=139"},{"taxonomy":"post_tag","embeddable":true,"href":"https:\/\/www.frecuenciaprimera.org\/extremospodcast\/wp-json\/wp\/v2\/tags?post=139"}],"curies":[{"name":"wp","href":"https:\/\/api.w.org\/{rel}","templated":true}]}}