{"id":294,"date":"2009-07-13T22:30:13","date_gmt":"2009-07-14T03:30:13","guid":{"rendered":"http:\/\/frecuenciaprimera.org\/extremospodcast\/?p=294"},"modified":"2016-10-29T19:19:11","modified_gmt":"2016-10-30T00:19:11","slug":"extremos-episodio-71-13-julio-2009","status":"publish","type":"post","link":"https:\/\/www.frecuenciaprimera.org\/extremospodcast\/2009\/07\/extremos-episodio-71-13-julio-2009\/","title":{"rendered":"EXTREMOS Episodio 71 \/ 13 Julio 2009"},"content":{"rendered":"<p>Temas:<\/p>\n<p><img loading=\"lazy\" decoding=\"async\" class=\"alignright\" style=\"border: 2px solid black;margin: 2px\" src=\"http:\/\/www.frecuenciaprimera.org\/extremos\/puntodequiebre.jpg\" alt=\"puntodequiebre\" width=\"120\" height=\"210\" align=\"right\" \/><strong><strong>1. PUNTO DE QUIEBRE<\/strong><br \/>\n<\/strong><br \/>\nRa\u00fal Chamorro \u00abEL FORENSE\u00bb lee un comunicado indicando que hoy no habr\u00e1 EXTREMOS y que en su reemplazo se propalar\u00e1n pasajes musicales y la repetici\u00f3n de la entrevista al actor de doblaje mexicano del programa \u00abX Files\u00bb y \u00abLos Simpson\u00bb, Gabriel Ch\u00e1vez.<\/p>\n<p>Este es el comunicado:<\/p>\n<p><em>\u00abEstimados escuchas de Frecuencia Primera Radio Televisi\u00f3n e Internet.  Se\u00f1oras, Se\u00f1ores: Debido a problemas m\u00e1s all\u00e1 de nuestro control, nos vemos impedidos de presentar el programa EXTREMOS, de hoy. En su reemplazo presentaremos un breve pasaje musical y luego la repetici\u00f3n de la entrevista al gran actor de doblaje mexicano, del programa \u00abLos Simpson\u00bb, Gabriel Ch\u00e1vez. Agradecemos encarecidamente su comprensi\u00f3n y esperamos regresar con el programa, la pr\u00f3xima semana.<\/em><\/p>\n<p>Para Frecuencia Primera, Ra\u00fal Chamorro, \u00abEl Forense\u00bb.<\/p>\n<blockquote><p><em><span style=\"color:green;\">Nota personal: El amor es tan simple y complicado a la vez. Nos arranca y llena en un destello de luz d\u00e1ndonos crueles sombras de espera que cuando volteamos nos damos cuenta que la vida ya acab\u00f3. \u00bfLlegar\u00e1 acaso el d\u00eda en que Sol brille en el firmamento y se libere de su prisi\u00f3n? Be free. Uno hace su destino. \u00a1LIB\u00c9RATE!. \/sft\/<\/span><\/em><\/p><\/blockquote>\n<p><img loading=\"lazy\" decoding=\"async\" class=\"alignleft\" style=\"margin-top: 2px;margin-bottom: 2px;border: 2px solid black\" src=\"http:\/\/www.frecuenciaprimera.org\/extremos\/gabrielchavez.jpg\" alt=\"gabrielchavez\" width=\"170\" height=\"167\" align=\"left\" \/><strong>2. ENTREVISTA A EL SR. BURNS DE \u00abLOS SIMPSON\u00bb<\/strong><\/p>\n<p>Recordamos el encuentro con nuestro amigo, el polifac\u00e9tico actor mexicano y maravilloso ser humano, Gabriel Ch\u00e1vez, realizada hace dos a\u00f1os en nuestros estudios.<\/p>\n<p>Gabriel abre la puerta al Sr. Burns quien dice querer trasladar Frecuencia Primera RTVN a Sprinfield para que sus trabajdores, operen mejor porque Frecuencia Primera es \u00abexcelente\u00bb. Por su parte \u00abEl Fumador\u00bb dice que nuestra emisora es extraterrestre.<\/p>\n<p>Hablamos tambi\u00e9n de la situaci\u00f3n de las voces de doblaje, del problema con al Fox, las pel\u00edculas de Los Simpson y algunos secretos en el arte del doblaje.<\/p>\n<p>Escuche aqu\u00ed el Episodio 71 de EXTREMOS:<br \/>\n<a href=\"https:\/\/cast6.my-control-panel.com\/ondemand\/solfrecu\/extremosepisodio71.mp3\" target=\"_blank\">https:\/\/cast6.my-control-panel.com\/ondemand\/solfrecu\/extremosepisodio71.mp3<\/a><\/p>\n<table width=\"569\">\n<tbody>\n<tr>\n<td width=\"46\"><img decoding=\"async\" src=\"http:\/\/www.frecuenciaprimera.org\/extremospodcast\/ex-elforense.jpg\" alt=\"\" height=\"50\" \/><\/td>\n<td>Ra\u00fal Chamorro \u00abEl Forense\u00bb \/ Representante \/ Co-Conductor <\/td>\n<\/tr>\n<tr>\n<td width=\"46\"><img decoding=\"async\" src=\"http:\/\/www.frecuenciaprimera.org\/extremospodcast\/ex-smp.jpg\" alt=\"\" height=\"50\" \/><\/td>\n<td>Bach. SANDRO PARODI CERNA \/ Productor &#8211; Director<\/td>\n<\/tr>\n<tr>\n<td width=\"46\"><img decoding=\"async\" src=\"http:\/\/www.frecuenciaprimera.org\/extremospodcast\/ex-arl.jpg\" alt=\"\" height=\"50\" \/><\/td>\n<td>Lic. Ana Rosa Liendo Mej\u00eda \/ Co &#8211; Conductora<\/td>\n<\/tr>\n<tr>\n<td width=\"46\"><img decoding=\"async\" src=\"http:\/\/www.frecuenciaprimera.org\/extremospodcast\/ex-toro.jpg\" alt=\"\" height=\"50\" \/><\/td>\n<td>TORO \/ Co &#8211; Conductor<\/td>\n<\/tr>\n<\/tbody>\n<\/table>\n<p>Una realizaci\u00f3n de SOL &#8211; Frecuencia Primera RTVN, Lima Per\u00fa 2009<\/p>\n<p><a href=\"http:\/\/www.blogsperu.com\/\"><br \/>\n<img decoding=\"async\" src=\"http:\/\/photos1.blogger.com\/blogger\/1813\/512\/1600\/boton_blogsperu10.gif\" alt=\"BlogsPeru.com\" border=\"0\" \/><\/a><\/p>\n","protected":false},"excerpt":{"rendered":"<p>Temas: 1. PUNTO DE QUIEBRE Ra\u00fal Chamorro \u00abEL FORENSE\u00bb lee un comunicado indicando que hoy no habr\u00e1 EXTREMOS y que en su reemplazo se propalar\u00e1n pasajes musicales y la repetici\u00f3n de la entrevista al actor de doblaje mexicano del programa \u00abX Files\u00bb y \u00abLos Simpson\u00bb, Gabriel Ch\u00e1vez. Este es el comunicado: \u00abEstimados escuchas de Frecuencia [&hellip;]<\/p>\n","protected":false},"author":1,"featured_media":0,"comment_status":"open","ping_status":"open","sticky":false,"template":"","format":"standard","meta":{"_regular_price":[],"currency_symbol":[],"footnotes":""},"categories":[1],"tags":[592,593,594,595,596,597,358,598],"class_list":["post-294","post","type-post","status-publish","format-standard","hentry","category-uncategorized","tag-arx","tag-crisis","tag-frecuencia-primera","tag-gabriel-chavez","tag-montgomery-burns","tag-punto-de-quiebre","tag-sandro-parodi","tag-x-files"],"post_slider_layout_featured_media_urls":{"thumbnail":"","post_slider_layout_landscape_large":"","post_slider_layout_portrait_large":"","post_slider_layout_square_large":"","post_slider_layout_landscape":"","post_slider_layout_portrait":"","post_slider_layout_square":"","full":""},"_links":{"self":[{"href":"https:\/\/www.frecuenciaprimera.org\/extremospodcast\/wp-json\/wp\/v2\/posts\/294","targetHints":{"allow":["GET"]}}],"collection":[{"href":"https:\/\/www.frecuenciaprimera.org\/extremospodcast\/wp-json\/wp\/v2\/posts"}],"about":[{"href":"https:\/\/www.frecuenciaprimera.org\/extremospodcast\/wp-json\/wp\/v2\/types\/post"}],"author":[{"embeddable":true,"href":"https:\/\/www.frecuenciaprimera.org\/extremospodcast\/wp-json\/wp\/v2\/users\/1"}],"replies":[{"embeddable":true,"href":"https:\/\/www.frecuenciaprimera.org\/extremospodcast\/wp-json\/wp\/v2\/comments?post=294"}],"version-history":[{"count":5,"href":"https:\/\/www.frecuenciaprimera.org\/extremospodcast\/wp-json\/wp\/v2\/posts\/294\/revisions"}],"predecessor-version":[{"id":2976,"href":"https:\/\/www.frecuenciaprimera.org\/extremospodcast\/wp-json\/wp\/v2\/posts\/294\/revisions\/2976"}],"wp:attachment":[{"href":"https:\/\/www.frecuenciaprimera.org\/extremospodcast\/wp-json\/wp\/v2\/media?parent=294"}],"wp:term":[{"taxonomy":"category","embeddable":true,"href":"https:\/\/www.frecuenciaprimera.org\/extremospodcast\/wp-json\/wp\/v2\/categories?post=294"},{"taxonomy":"post_tag","embeddable":true,"href":"https:\/\/www.frecuenciaprimera.org\/extremospodcast\/wp-json\/wp\/v2\/tags?post=294"}],"curies":[{"name":"wp","href":"https:\/\/api.w.org\/{rel}","templated":true}]}}