{"id":296,"date":"2009-07-20T22:33:36","date_gmt":"2009-07-21T03:33:36","guid":{"rendered":"http:\/\/frecuenciaprimera.org\/extremospodcast\/?p=296"},"modified":"2016-10-29T19:19:32","modified_gmt":"2016-10-30T00:19:32","slug":"extremos-episodio-72-20-julio-2009","status":"publish","type":"post","link":"https:\/\/www.frecuenciaprimera.org\/extremospodcast\/2009\/07\/extremos-episodio-72-20-julio-2009\/","title":{"rendered":"EXTREMOS Episodio 72 \/ 20 Julio 2009"},"content":{"rendered":"<p>Empezamos el programa con la reaparici\u00f3n de nuestro productor Sandro Parodi quien llega despu\u00e9s de dos programas de ausencia. Tania Zavala, ex reportera de EXTREMOS tambi\u00e9n aparece como panelista invitada en esta edici\u00f3n.<\/p>\n<p>Temas:<\/p>\n<p><img loading=\"lazy\" decoding=\"async\" class=\"alignright\" style=\"margin: 2px;border: 2px solid black\" src=\"http:\/\/www.frecuenciaprimera.org\/extremos\/carloscacho.jpg\" alt=\"carloscacho\" width=\"200\" height=\"210\" align=\"right\" \/><strong><strong>1. EL VERDADERO CARLOS CACHO<\/strong><br \/>\n<\/strong><\/p>\n<p>Conversamos sobre el reciente asesinato del estilista peruano Marco Antonio Gallegos, cruelmente masacrado aparentemente por un amante junto a un grupo de delincuentes.<\/p>\n<p>A prop\u00f3sito de este tema resaltamos el caso del maquillador Carlos Cacho a quien hemos criticado \u00e1cida y justificadamente en muchos episodios del programa por su procacidad y odios hacia la audiencia, quien durante el entierro del estilista Marco Antonio se mostr\u00f3 destrozado y adem\u00e1s di\u00f3 un discurso, el que Sandro califica como tremendamente sentido y que demuestra la personalidad de fondo de Cacho, la que nunca antes fue apreciada en p\u00fablico. Es pues que Cacho, como mucha gente en esta sociedad, viven cubiertos de una coraza de protecci\u00f3n que hace que su real ser, d\u00e9bil y sensible no aflore.<\/p>\n<p>Carlos Cacho declar\u00f3 durante el funeral que Marco Antonio era para \u00e9l como su padre, su amigo, su compa\u00f1ero y su novio, lo que JAM\u00c1S tuvo y que s\u00f3lo Marco Antonio le brind\u00f3. \u00abMarco Antonio, no te vayas, te lo pido por favor, qu\u00e9date donde est\u00e1s, dame una se\u00f1al para estar contigo, para que no me dejes solo, porque sabes cu\u00e1nto miedo ten\u00eda siempre, quiero que sigas contestando mis llamadas en mis horas de soledad y angustia\u00bb dijo Cacho en una sorprendente emanaci\u00f3n de sinceridad y humanidad. Cacho record\u00f3 una frase de Marco Antonio: \u00abLos amigos son los hermanos que uno elige en la vida\u00bb.<\/p>\n<p>Sobre el caso de Marco Antonio, sumado a los recientes hechos, como el asesinato a Alicia Delgado, demuestra un s\u00f3rdido mundo en el que se ambientar\u00eda gran parte de la far\u00e1ndula peruana.<\/p>\n<p>Ver V\u00eddeo: <a href=\"http:\/\/www.youtube.com\/watch?v=88dTZHrmxlk\" target=\"_blank\">http:\/\/www.youtube.com\/watch?v=88dTZHrmxlk<\/a><\/p>\n<p><img loading=\"lazy\" decoding=\"async\" class=\"alignleft\" style=\"margin: 2px;border: 2px solid black\" src=\"http:\/\/www.frecuenciaprimera.org\/extremos\/hombreenlaluna.jpg\" alt=\"hombreenlaluna\" width=\"170\" height=\"167\" align=\"left\" \/><strong>2. 40 A\u00d1OS DESPU\u00c9S: \u00bfLLEG\u00d3 REALMENTE EL HOMBRE A LA LUNA?<\/strong><\/p>\n<p>Hace 40 a\u00f1os, en Julio de 1969, apreciamos como Buzz Aldrin dijo \u00abEs s\u00f3lo un peque\u00f1o paso para el Hombre, un salto gigantesco para la Humanidad\u00bb. Sin embargo hoy se cuestiona este hist\u00f3rico hecho por ejemplo con un video en Youtube, presuntamente de 1969 donde se aprecia como se \u00abensaya\u00bb una supuesta escenificaci\u00f3n de cuando el Hombre puso un pie en la Luna mientras se desprende una parrilla de luces y aparece personal de producci\u00f3n, demostrando que ello s\u00f3lo ser\u00eda una escenificaci\u00f3n. Tambi\u00e9n se critica la falta de crateres en el panorama lunar durante el alunizaje, la falta de estrellas durante la estad\u00eda del Apolo XI, el por qu\u00e9 despu\u00e9s de 1972 las investigaciones lunares cesaron, etc.<\/p>\n<p>Frente a ello, en tiempos recientes el periodista Bart Sibrel, mediante enga\u00f1os, consigui\u00f3 que Buzz Aldrin le concediera una entrevista, en la que pidi\u00f3 a Aldrin que jurara ante la Biblia por Dios (que \u00e9l le ofrec\u00eda) que en efecto, el camin\u00f3 en la Luna, a lo que Aldrin se neg\u00f3 reiteradamente llegando a dar un derechazo a Sibrel cuando el lo acus\u00f3 de cobarde y fraudulento. Cabe recordar que Buzz Aldrin es cristiano profesante y ser\u00eda incapaz de jurar en falso. \u00bfPor qu\u00e9 no quiso jurar? Ser\u00eda tan f\u00e1cil hacerlo si realmente estuvo ah\u00ed deber\u00eda decirlo con orgullo.<\/p>\n<p>Ver v\u00eddeo: <a href=\"http:\/\/www.youtube.com\/watch?v=960vBSKT-Pw\" target=\"_blank\">http:\/\/www.youtube.com\/watch?v=960vBSKT-Pw<br \/>\n<\/a><\/p>\n<p><img loading=\"lazy\" decoding=\"async\" class=\"alignright\" style=\"margin: 2px;border: 2px solid black\" src=\"http:\/\/www.frecuenciaprimera.org\/extremos\/randycalandra.jpg\" alt=\"randycalandra\" width=\"170\" height=\"210\" align=\"right\" \/><strong>3. <strong>RANDY CALANDRA Y LA CAIDA DE LA RADIO EN EL PER\u00da<\/strong><\/strong><\/p>\n<p>Conversamos, despu\u00e9s de muchos a\u00f1os con el colega locutor Randy Calandra. Sandro cuenta como conoci\u00f3 en 1983 a Randy cuando laboraba en Studio 92, en aquel entonces de propiedad de la familia Picasso.<\/p>\n<p>Discutimos sobre la radio de los 80s y el por qu\u00e9 de su caida o encogimiento en tiempos actuales. Randy dice que las grandes corporaciones maquillan las cifras pero en realidad si. Los medios tradicionales, dice Randy, est\u00e1n sufriendo un deterioro acerca de su encendido, prueba de ella, continua Randy, con EXTREMOS en FRECUENCIA PRIMERA, estamos quit\u00e1ndole siton\u00eda a la radio tradicional.<\/p>\n<p>Discutimos con Randy sobre la calidad de las voces actuales que no son consecuentes con lo que dicen y se perciben como insetidas. Randy dice que estamos en la era de la ausencia de talento, lo que si sobraba en la d\u00e9cada de los ochentas. Randy atribuye que ese talento es un Don Divino. Sandro entonces replica \u00bfpor qu\u00e9 la divinidad nos castiga con esta falta de talento en tiempos actuales? Randy dice que los culpables somos nosotros (incluy\u00e9ndose) pues no dejamos una escuela de gente que pueda continuar en buen sendero a los comunicadores. Randy dice que en los 80&#8217;s ten\u00edan como referentes a figuras como Pepe Ludmir, Humberto Martinez Morosini o Mario Vargas Llosa.<\/p>\n<p>Luego recordamos con Randy como logr\u00f3 el Record Guiness para hacer un \u00abNon Stop Talking Radio\u00bb, es decir tener un programa de radio ininterrumpido, lo que consigui\u00f3 en radio 1160 en 1988.<\/p>\n<p>Finalmente Randy revela como surgi\u00f3 su apelativo \u00abRandy Calandra\u00bb que es una combinaci\u00f3n de Randy Meisner, vocalista principal del grupo \u00abThe Eagles\u00bb y Calandra de Richard Calandra, m\u00fasico del grupo instrumental Spyro Gyra, m\u00fasica que \u00e9l propalaba como D.J. de discotecas de m\u00fasica instrumental en los ochentas.<\/p>\n<p><img loading=\"lazy\" decoding=\"async\" class=\"alignleft\" style=\"margin-top: 2px;margin-bottom: 2px;border: 2px solid black\" src=\"http:\/\/www.frecuenciaprimera.org\/extremos\/diadelamigo.jpg\" alt=\"diadelamigo\" width=\"200\" height=\"210\" align=\"left\" \/><strong><strong>4. EL \u00abD\u00cdA\u00bb DEL AMIGO Y POR QU\u00c9 LA GENTE SE EMBORRACHA<\/strong><br \/>\n<\/strong><\/p>\n<p>Fonchi, nuestro amigo el psic\u00f3logo Alfonso D\u00edaz Klatt, critica duramente la enga\u00f1osa campa\u00f1a publicitaria de Cerveza Pilsen denominada \u00abD\u00eda del Amigo\u00bb orientada a asociar la amistad con la libaci\u00f3n.<\/p>\n<p>Sandro dice que le parece aberrante que se nos someta, mediante la publicidad, a asociar la amistad y la diversi\u00f3n con el consumo de alcohol. Fonchi por su parte dice que existen miles de maneras de divertirse y de expresar lo que uno siente sin necesidad de drogarse o libar. Fonchi dice que en las reuniones sociales la gente dice que las reuniones no pueden estar excentas del trago.<\/p>\n<p>Sandro comenta sobre su sobrino, como durante su cumplea\u00f1os 14, su amiga fue traida por sus padres a la casa y le dijeron \u00abno le den mucho de tomar por favor\u00bb. Sandro dice que se sorprendi\u00f3 de dichos valores, pues asum\u00eda que no debe haber consumo de alcohol y tabaco en una fiesta de menores.<\/p>\n<p>Fonchi dice que el \u00abD\u00eda del Amigo\u00bb es un claro plan de marketing titulado \u00ab\u00bfC\u00f3mo ganar dinero?\u00bb y cuyo tema primero es \u00abCrear el D\u00eda del Amigo\u00bb. Fonchi dice que debemos dejar de ser personas ordinarias para convertirnos en personas extraordinarias. Fonchi hace un paralelo con las marchas de protesta callejeras que cuando les preguntas por qu\u00e9 realmente lo hacen no saben responder a cabalidad.<\/p>\n<p>Sandro pregunta a Fonchi: \u00bfRealmente las damas prefieren a los bebedores de alcohol?  Tania sugiere a Fonchi analizar el tema de la \u00abCultura Et\u00edlica\u00bb y como se mal entiende este asunto.<\/p>\n<p>Fonchi da consejos sobre como los padres o tutores pueden enfrentar un incipiente consumo de alcohol por sus menores hijos o parientes. Finalmente en forma increiblemente contradictoria Fonchi revela que SI, en efecto, es SALUDABLE y HASTA NECESARIO beber bebidas alcoh\u00f3licas pues todo elemento qu\u00edmico es necesario en el cuerpo humano. Fonchi dice que estudios serios han descubierto que muchos italianos viven m\u00e1s por consumir peque\u00f1a cantidad de vino luego de las comidas.<\/p>\n<p>Escriba a Fonchi: adk_811@yahoo.es<\/p>\n<p><img loading=\"lazy\" decoding=\"async\" class=\"alignright\" style=\"margin: 2px;border: 2px solid black\" src=\"http:\/\/www.frecuenciaprimera.org\/extremos\/aguaalcalina.jpg\" alt=\"aguaalcalina\" width=\"200\" height=\"210\" align=\"right\" \/><strong>5. EL AGUA ALCACLINA: LA FUENTE DE LA JUVENTUD<\/strong><\/p>\n<p>Ana Rosa habla sobre los beneficios del agua alcalina as\u00ed como de los alimentos alcalinos que ayudan a prevenir e involucionar la vejez, el c\u00e1ncer, la diabetes y otros males comunes.<\/p>\n<p>El agua alcalina neutraliza los minerales \u00e1cidos que no salen y as\u00ed nutre al cuerpo de minerales alcalinos. Pruebas de laboratorio demuestran que individuos que consumieron agua alcalina luego de beber alcohol, no tuvieron resaca.<\/p>\n<p>El estr\u00e9s incrementa el nivel de residuos \u00e1cidos en el cuerpo que deben ser neutralizados con productos alcalinos. En la actualidad existen aparatos que permiten ionizar el agua potable para as\u00ed hacerla alcalina y poder consumirla con sus grandes beneficios.<\/p>\n<div>  <\/div>\n<div>Escuche el Episodio 72 de EXTREMOS aqu\u00ed:<br \/>\n<a href=\"https:\/\/cast6.my-control-panel.com\/ondemand\/solfrecu\/extremosepisodio72.mp3\" target=\"_blank\">https:\/\/cast6.my-control-panel.com\/ondemand\/solfrecu\/extremosepisodio72.mp3<\/a><\/p>\n<table width=\"569\">\n<tbody>\n<tr>\n<td width=\"46\"><img decoding=\"async\" src=\"http:\/\/www.frecuenciaprimera.org\/extremospodcast\/ex-smp.jpg\" alt=\"\" height=\"50\" \/><\/td>\n<td>Bach. SANDRO PARODI CERNA \/ Productor &#8211; Director<\/td>\n<\/tr>\n<tr>\n<td width=\"46\"><img decoding=\"async\" src=\"http:\/\/www.frecuenciaprimera.org\/extremospodcast\/ex-arl.jpg\" alt=\"\" height=\"50\" \/><\/td>\n<td>Lic. Ana Rosa Liendo Mej\u00eda \/ Co &#8211; Conductora<\/td>\n<\/tr>\n<tr>\n<td width=\"46\"><img decoding=\"async\" src=\"http:\/\/www.frecuenciaprimera.org\/extremospodcast\/ex-tzavala.jpg\" alt=\"\" height=\"50\" \/><\/td>\n<td>Tania Zavala Asca\u00f1o \/ Co-Conductora <\/td>\n<\/tr>\n<tr>\n<td width=\"46\"><img decoding=\"async\" src=\"http:\/\/www.frecuenciaprimera.org\/extremospodcast\/ex-fon.jpg\" alt=\"\" height=\"50\" \/><\/td>\n<td>Psic. Alfonso D\u00edaz Klatt \u00abFonchi\u00bb \/ Comentarista <\/td>\n<\/tr>\n<\/tbody>\n<\/table>\n<p>Una realizaci\u00f3n de SOL &#8211; Frecuencia Primera RTVN, Lima Per\u00fa 2009<\/p>\n<div>\n<\/div>\n<div>\n<\/div>\n<p><a href=\"http:\/\/www.blogsperu.com\/\"><br \/>\n<img decoding=\"async\" src=\"http:\/\/photos1.blogger.com\/blogger\/1813\/512\/1600\/boton_blogsperu10.gif\" alt=\"BlogsPeru.com\" border=\"0\" \/><\/a><\/div>\n","protected":false},"excerpt":{"rendered":"<p>Empezamos el programa con la reaparici\u00f3n de nuestro productor Sandro Parodi quien llega despu\u00e9s de dos programas de ausencia. Tania Zavala, ex reportera de EXTREMOS tambi\u00e9n aparece como panelista invitada en esta edici\u00f3n. Temas: 1. EL VERDADERO CARLOS CACHO Conversamos sobre el reciente asesinato del estilista peruano Marco Antonio Gallegos, cruelmente masacrado aparentemente por un [&hellip;]<\/p>\n","protected":false},"author":1,"featured_media":0,"comment_status":"open","ping_status":"open","sticky":false,"template":"","format":"standard","meta":{"_regular_price":[],"currency_symbol":[],"footnotes":""},"categories":[1],"tags":[599,592,600,601,602,603,604,605,606,607,608],"class_list":["post-296","post","type-post","status-publish","format-standard","hentry","category-uncategorized","tag-agua-alcalina","tag-arx","tag-bart-sibrel","tag-buzz-aldrin","tag-carlos-cacho","tag-dia-del-amigo","tag-marco-antonio","tag-moontruth","tag-policial","tag-randy-calandra","tag-soledad"],"post_slider_layout_featured_media_urls":{"thumbnail":"","post_slider_layout_landscape_large":"","post_slider_layout_portrait_large":"","post_slider_layout_square_large":"","post_slider_layout_landscape":"","post_slider_layout_portrait":"","post_slider_layout_square":"","full":""},"_links":{"self":[{"href":"https:\/\/www.frecuenciaprimera.org\/extremospodcast\/wp-json\/wp\/v2\/posts\/296","targetHints":{"allow":["GET"]}}],"collection":[{"href":"https:\/\/www.frecuenciaprimera.org\/extremospodcast\/wp-json\/wp\/v2\/posts"}],"about":[{"href":"https:\/\/www.frecuenciaprimera.org\/extremospodcast\/wp-json\/wp\/v2\/types\/post"}],"author":[{"embeddable":true,"href":"https:\/\/www.frecuenciaprimera.org\/extremospodcast\/wp-json\/wp\/v2\/users\/1"}],"replies":[{"embeddable":true,"href":"https:\/\/www.frecuenciaprimera.org\/extremospodcast\/wp-json\/wp\/v2\/comments?post=296"}],"version-history":[{"count":3,"href":"https:\/\/www.frecuenciaprimera.org\/extremospodcast\/wp-json\/wp\/v2\/posts\/296\/revisions"}],"predecessor-version":[{"id":2977,"href":"https:\/\/www.frecuenciaprimera.org\/extremospodcast\/wp-json\/wp\/v2\/posts\/296\/revisions\/2977"}],"wp:attachment":[{"href":"https:\/\/www.frecuenciaprimera.org\/extremospodcast\/wp-json\/wp\/v2\/media?parent=296"}],"wp:term":[{"taxonomy":"category","embeddable":true,"href":"https:\/\/www.frecuenciaprimera.org\/extremospodcast\/wp-json\/wp\/v2\/categories?post=296"},{"taxonomy":"post_tag","embeddable":true,"href":"https:\/\/www.frecuenciaprimera.org\/extremospodcast\/wp-json\/wp\/v2\/tags?post=296"}],"curies":[{"name":"wp","href":"https:\/\/api.w.org\/{rel}","templated":true}]}}